{"id":952,"date":"2017-12-14T17:36:05","date_gmt":"2017-12-14T17:36:05","guid":{"rendered":"http:\/\/sy-wega.de\/?p=952"},"modified":"2018-09-27T09:21:02","modified_gmt":"2018-09-27T09:21:02","slug":"marco-de-canaveses-mcautinho-joaquim-amarante-huk-coburg-und-ruebstiel","status":"publish","type":"post","link":"https:\/\/sy-wega.de\/?p=952","title":{"rendered":"Marco de Canaveses, MCautinho, Joaquim, Amarante, HUK Coburg und R\u00fcbstiel"},"content":{"rendered":"<p class=\"p1\"><span class=\"s1\">Diese Begriffe dominierten unsere vergangenen drei Wochen. Doch im einzelnen:<\/span><\/p>\n<p class=\"p1\"><span class=\"s1\"><strong>Marco de Canaveses<\/strong> ist nicht unser neuer portugiesischer Freund sondern eine ziemlich h\u00e4ssliche, auf mehreren H\u00fcgeln liegende Kleinstadt im Distrikt Porto. Hierhin wurde unser Auto gebracht, hier verfuhren wir uns regelm\u00e4\u00dfig auf steilen Stra\u00dfen, die entweder ins Tal oder auf einen Berg f\u00fchrten.<\/span><\/p>\n<p class=\"p1\"><span class=\"s1\"><strong>MCautinho<\/strong>, unsere Autowerkstatt, die zu genannter Groupo geh\u00f6rt. Was in Norddeutschland die Dello Gruppe ist, ist MCautinho im Bereich Douro. Sehr bem\u00fcht, sehr nett, leider spricht in der ganzen Groupo gef\u00fchlt immer nur eine Person (m\u00e4\u00dfig) englisch. Wir wurden stets telefonisch durchgestellt, was die Kommunikation nicht beschleunigte.<\/span><\/p>\n<p class=\"p1\"><span class=\"s1\"><strong>Joaquim<\/strong>, der Werkstattmeister, zust\u00e4ndig f\u00fcr mit H\u00e4nden und F\u00fc\u00dfen \u00fcberbrachte schlechte Nachrichten. Er versuchte alles, aber f\u00fcr nicht gelieferte Ersatzteile und portugiesische Feiertage konnte er auch nichts.<\/span><\/p>\n<p class=\"p1\"><span class=\"s1\"><strong>Amarante<\/strong>, eine nette kleine Stadt, in der wir drei N\u00e4chte verbrachten. Hier ist auch die n\u00e4chste Europcarstation, zu der wir gef\u00fchlt st\u00e4ndig fuhren, um unseren Mietwagen zu verl\u00e4ngern. Die Stationsleiterin kennen wir nun gut.<\/span><\/p>\n<p class=\"p1\"><span class=\"s1\"><strong>HUK Coburg<\/strong>, unsere gro\u00dfe Hilfe. Wir hatten dort eine ASSV (Ausland-Schaden-Service-Versicherung) abgeschlossen. Dies bedeutet, dass die HUK neben der Kosten\u00fcbernahme f\u00fcr Hotel und Mietwagen auch Reparaturkosten vorstreckt und direkt alle Verhandlungen mit der gegnerischen Versicherung \u00fcbernimmt. Dies ist eine riesengro\u00dfe Hilfe, unser Unfallgegner hat seiner Versicherung bisher noch nicht einmal den Unfall gemeldet&#8230;.<\/span><\/p>\n<p class=\"p1\"><span class=\"s1\"><strong>R\u00fcbstiel<\/strong>, das Gr\u00fcn der R\u00fcbe und DAS portugiesische Wintergem\u00fcse. Wir gehen momentan st\u00e4ndig essen, R\u00fcbstiel gibt es IMMER. Man sieht am Wegesrand riesige Felder einer speziellen Art, die kaum R\u00fcbe und viel Stiel bietet. Die Portugiesen lieben es auf die immer gleiche Art (Suppe oder geschmort), wir k\u00f6nnen es nicht mehr sehen.<\/span><\/p>\n<p>Nun heute, fast auf den Tag genau drei Wochen nach unserem Unfall, sollte unser Auto fertig werden.<\/p>\n<p>So richtig fassen konnten wir es noch nicht, wir sa\u00dfen wieder in unserem Auto und machten uns auf den Weg. Die Nacht verbringen wir dann noch im Manor House in Marco, wie Marco de Canaveses von den Einwohnern liebevoll genannt wird, und werden morgen nach dem guten Fr\u00fchst\u00fcck Richtung S\u00fcden starten.<\/p>\n","protected":false},"excerpt":{"rendered":"<p>Diese Begriffe dominierten unsere vergangenen drei Wochen. Doch im einzelnen: Marco de Canaveses ist nicht unser neuer portugiesischer Freund sondern eine ziemlich h\u00e4ssliche, auf mehreren H\u00fcgeln liegende Kleinstadt im Distrikt Porto. Hierhin wurde unser Auto gebracht, hier verfuhren wir uns regelm\u00e4\u00dfig auf steilen Stra\u00dfen, die entweder ins Tal oder auf einen Berg f\u00fchrten. MCautinho, unsere [&hellip;]<\/p>\n","protected":false},"author":1,"featured_media":0,"comment_status":"open","ping_status":"open","sticky":false,"template":"","format":"standard","meta":{"footnotes":""},"categories":[3],"tags":[],"class_list":["post-952","post","type-post","status-publish","format-standard","hentry","category-tour-2017"],"_links":{"self":[{"href":"https:\/\/sy-wega.de\/index.php?rest_route=\/wp\/v2\/posts\/952","targetHints":{"allow":["GET"]}}],"collection":[{"href":"https:\/\/sy-wega.de\/index.php?rest_route=\/wp\/v2\/posts"}],"about":[{"href":"https:\/\/sy-wega.de\/index.php?rest_route=\/wp\/v2\/types\/post"}],"author":[{"embeddable":true,"href":"https:\/\/sy-wega.de\/index.php?rest_route=\/wp\/v2\/users\/1"}],"replies":[{"embeddable":true,"href":"https:\/\/sy-wega.de\/index.php?rest_route=%2Fwp%2Fv2%2Fcomments&post=952"}],"version-history":[{"count":7,"href":"https:\/\/sy-wega.de\/index.php?rest_route=\/wp\/v2\/posts\/952\/revisions"}],"predecessor-version":[{"id":1816,"href":"https:\/\/sy-wega.de\/index.php?rest_route=\/wp\/v2\/posts\/952\/revisions\/1816"}],"wp:attachment":[{"href":"https:\/\/sy-wega.de\/index.php?rest_route=%2Fwp%2Fv2%2Fmedia&parent=952"}],"wp:term":[{"taxonomy":"category","embeddable":true,"href":"https:\/\/sy-wega.de\/index.php?rest_route=%2Fwp%2Fv2%2Fcategories&post=952"},{"taxonomy":"post_tag","embeddable":true,"href":"https:\/\/sy-wega.de\/index.php?rest_route=%2Fwp%2Fv2%2Ftags&post=952"}],"curies":[{"name":"wp","href":"https:\/\/api.w.org\/{rel}","templated":true}]}}