{"id":6685,"date":"2025-12-13T15:53:43","date_gmt":"2025-12-13T15:53:43","guid":{"rendered":"https:\/\/sy-wega.de\/?p=6685"},"modified":"2025-12-13T15:53:43","modified_gmt":"2025-12-13T15:53:43","slug":"letzte-tage-auf-el-hierro","status":"publish","type":"post","link":"https:\/\/sy-wega.de\/?p=6685","title":{"rendered":"Letzte Tage auf El Hierro"},"content":{"rendered":"\n<p>Am Nullmeridian erlebten wir noch einen tollen Sonnenuntergang und hatten eine ruhige Nacht allein unter dem Sternenhimmel.<\/p>\n\n\n\n<figure class=\"wp-block-image size-large\"><img loading=\"lazy\" decoding=\"async\" width=\"768\" height=\"1024\" src=\"https:\/\/sy-wega.de\/wp-content\/uploads\/IMG_5208-768x1024.jpeg\" alt=\"\" class=\"wp-image-6697\" srcset=\"https:\/\/sy-wega.de\/wp-content\/uploads\/IMG_5208-768x1024.jpeg 768w, https:\/\/sy-wega.de\/wp-content\/uploads\/IMG_5208-225x300.jpeg 225w, https:\/\/sy-wega.de\/wp-content\/uploads\/IMG_5208-1152x1536.jpeg 1152w, https:\/\/sy-wega.de\/wp-content\/uploads\/IMG_5208-1536x2048.jpeg 1536w, https:\/\/sy-wega.de\/wp-content\/uploads\/IMG_5208-scaled.jpeg 1920w\" sizes=\"auto, (max-width: 768px) 100vw, 768px\" \/><\/figure>\n\n\n\n<p>N\u00e4chstes Ziel war die langgezogene Bucht Las Playas an der Ostk\u00fcste der Insel. Auf dem Weg dorthin besuchten wir das Wahrzeichen von El Hierro, die vom st\u00e4ndigen Wind gebeugten Wacholderb\u00e4ume El Sabinar. Einer dieser B\u00e4ume befindet sich als Symbol auf vielen Produkten der Insel.<\/p>\n\n\n\n<figure class=\"wp-block-image size-large\"><img loading=\"lazy\" decoding=\"async\" width=\"1024\" height=\"768\" src=\"https:\/\/sy-wega.de\/wp-content\/uploads\/IMG_1821-1024x768.jpeg\" alt=\"\" class=\"wp-image-6687\" srcset=\"https:\/\/sy-wega.de\/wp-content\/uploads\/IMG_1821-1024x768.jpeg 1024w, https:\/\/sy-wega.de\/wp-content\/uploads\/IMG_1821-300x225.jpeg 300w, https:\/\/sy-wega.de\/wp-content\/uploads\/IMG_1821-768x576.jpeg 768w, https:\/\/sy-wega.de\/wp-content\/uploads\/IMG_1821-1536x1152.jpeg 1536w, https:\/\/sy-wega.de\/wp-content\/uploads\/IMG_1821-2048x1536.jpeg 2048w\" sizes=\"auto, (max-width: 1024px) 100vw, 1024px\" \/><\/figure>\n\n\n\n<p>In Las Playas \u00fcbernachteten wir mit wundersch\u00f6nem Blick auf die Bucht. <\/p>\n\n\n\n<p><\/p>\n\n\n\n<figure class=\"wp-block-image size-large\"><img loading=\"lazy\" decoding=\"async\" width=\"1024\" height=\"768\" src=\"https:\/\/sy-wega.de\/wp-content\/uploads\/IMG_1833-1024x768.jpeg\" alt=\"\" class=\"wp-image-6688\" srcset=\"https:\/\/sy-wega.de\/wp-content\/uploads\/IMG_1833-1024x768.jpeg 1024w, https:\/\/sy-wega.de\/wp-content\/uploads\/IMG_1833-300x225.jpeg 300w, https:\/\/sy-wega.de\/wp-content\/uploads\/IMG_1833-768x576.jpeg 768w, https:\/\/sy-wega.de\/wp-content\/uploads\/IMG_1833-1536x1152.jpeg 1536w, https:\/\/sy-wega.de\/wp-content\/uploads\/IMG_1833-2048x1536.jpeg 2048w\" sizes=\"auto, (max-width: 1024px) 100vw, 1024px\" \/><figcaption class=\"wp-element-caption\"><em>Mondaufgang in Las Playas<\/em><\/figcaption><\/figure>\n\n\n\n<p>Wir wollten auch La Restinga, den s\u00fcdlichsten Ort El Hierros, besichtigen. Wir waren aber doch entt\u00e4uscht von diesem gesichtlosen Ort, dem einzigen auf El Hierro mit mehrst\u00f6ckigen Hotels und Apartmenth\u00e4usern. Am Hafen deuteten lediglich Container der Seerettung und des Roten Kreuzes auf die Bedeutung des Hafens f\u00fcr die Bootsfl\u00fcchtlinge hin.<\/p>\n\n\n\n<figure class=\"wp-block-image size-large\"><img loading=\"lazy\" decoding=\"async\" width=\"1024\" height=\"517\" src=\"https:\/\/sy-wega.de\/wp-content\/uploads\/20251209151611_013091.MP4_27.674801-18.025421@6m15.11s-1024x517.jpeg\" alt=\"\" class=\"wp-image-6686\" srcset=\"https:\/\/sy-wega.de\/wp-content\/uploads\/20251209151611_013091.MP4_27.674801-18.025421@6m15.11s-1024x517.jpeg 1024w, https:\/\/sy-wega.de\/wp-content\/uploads\/20251209151611_013091.MP4_27.674801-18.025421@6m15.11s-300x151.jpeg 300w, https:\/\/sy-wega.de\/wp-content\/uploads\/20251209151611_013091.MP4_27.674801-18.025421@6m15.11s-768x388.jpeg 768w, https:\/\/sy-wega.de\/wp-content\/uploads\/20251209151611_013091.MP4_27.674801-18.025421@6m15.11s-1536x776.jpeg 1536w, https:\/\/sy-wega.de\/wp-content\/uploads\/20251209151611_013091.MP4_27.674801-18.025421@6m15.11s-2048x1034.jpeg 2048w\" sizes=\"auto, (max-width: 1024px) 100vw, 1024px\" \/><figcaption class=\"wp-element-caption\"><em>Spektakul\u00e4rer Weg zum Strand<\/em><\/figcaption><\/figure>\n\n\n\n<p>Wir verlie\u00dfen La Restinga und fuhren zum nahegelegenen Strand Tacor\u00f3n. Allerdings handelt es sich mehr um eine Badestelle in den Felsen. Es wehte die rote Flagge, die das Schwimmen verbietet. Mit einigen anderen Wohnmobilen verbrachten wir auch hier eine ruhige Nacht.<\/p>\n\n\n\n<figure class=\"wp-block-image size-large\"><img loading=\"lazy\" decoding=\"async\" width=\"1024\" height=\"768\" src=\"https:\/\/sy-wega.de\/wp-content\/uploads\/IMG_1857-1024x768.jpeg\" alt=\"\" class=\"wp-image-6692\" srcset=\"https:\/\/sy-wega.de\/wp-content\/uploads\/IMG_1857-1024x768.jpeg 1024w, https:\/\/sy-wega.de\/wp-content\/uploads\/IMG_1857-300x225.jpeg 300w, https:\/\/sy-wega.de\/wp-content\/uploads\/IMG_1857-768x576.jpeg 768w, https:\/\/sy-wega.de\/wp-content\/uploads\/IMG_1857-1536x1152.jpeg 1536w, https:\/\/sy-wega.de\/wp-content\/uploads\/IMG_1857-2048x1536.jpeg 2048w\" sizes=\"auto, (max-width: 1024px) 100vw, 1024px\" \/><\/figure>\n\n\n\n<figure class=\"wp-block-image size-large\"><img loading=\"lazy\" decoding=\"async\" width=\"1024\" height=\"768\" src=\"https:\/\/sy-wega.de\/wp-content\/uploads\/vlcsnap-2025-12-13-14h08m24s554-1024x768.jpeg\" alt=\"\" class=\"wp-image-6700\" srcset=\"https:\/\/sy-wega.de\/wp-content\/uploads\/vlcsnap-2025-12-13-14h08m24s554-1024x768.jpeg 1024w, https:\/\/sy-wega.de\/wp-content\/uploads\/vlcsnap-2025-12-13-14h08m24s554-300x225.jpeg 300w, https:\/\/sy-wega.de\/wp-content\/uploads\/vlcsnap-2025-12-13-14h08m24s554-768x576.jpeg 768w, https:\/\/sy-wega.de\/wp-content\/uploads\/vlcsnap-2025-12-13-14h08m24s554-1536x1152.jpeg 1536w, https:\/\/sy-wega.de\/wp-content\/uploads\/vlcsnap-2025-12-13-14h08m24s554.jpeg 1920w\" sizes=\"auto, (max-width: 1024px) 100vw, 1024px\" \/><\/figure>\n\n\n\n<p>Auf dem R\u00fcckweg zum Stellplatz stand noch der Besuch des kleinsten Hotels der Welt auf dem Programm. Zumindest wurde es 1984 als solches ins Guinnessbuch der Rekorde eingetragen. Es hat vier Zimmer, alle mit Meerblick.<\/p>\n\n\n\n<figure class=\"wp-block-image size-large\"><img loading=\"lazy\" decoding=\"async\" width=\"1024\" height=\"768\" src=\"https:\/\/sy-wega.de\/wp-content\/uploads\/IMG_1837-1024x768.jpeg\" alt=\"\" class=\"wp-image-6689\" srcset=\"https:\/\/sy-wega.de\/wp-content\/uploads\/IMG_1837-1024x768.jpeg 1024w, https:\/\/sy-wega.de\/wp-content\/uploads\/IMG_1837-300x225.jpeg 300w, https:\/\/sy-wega.de\/wp-content\/uploads\/IMG_1837-768x576.jpeg 768w, https:\/\/sy-wega.de\/wp-content\/uploads\/IMG_1837-1536x1152.jpeg 1536w, https:\/\/sy-wega.de\/wp-content\/uploads\/IMG_1837-2048x1536.jpeg 2048w\" sizes=\"auto, (max-width: 1024px) 100vw, 1024px\" \/><\/figure>\n\n\n\n<figure class=\"wp-block-image size-large\"><img loading=\"lazy\" decoding=\"async\" width=\"1024\" height=\"768\" src=\"https:\/\/sy-wega.de\/wp-content\/uploads\/IMG_1844-1024x768.jpeg\" alt=\"\" class=\"wp-image-6690\" srcset=\"https:\/\/sy-wega.de\/wp-content\/uploads\/IMG_1844-1024x768.jpeg 1024w, https:\/\/sy-wega.de\/wp-content\/uploads\/IMG_1844-300x225.jpeg 300w, https:\/\/sy-wega.de\/wp-content\/uploads\/IMG_1844-768x576.jpeg 768w, https:\/\/sy-wega.de\/wp-content\/uploads\/IMG_1844-1536x1152.jpeg 1536w, https:\/\/sy-wega.de\/wp-content\/uploads\/IMG_1844-2048x1536.jpeg 2048w\" sizes=\"auto, (max-width: 1024px) 100vw, 1024px\" \/><figcaption class=\"wp-element-caption\"><em>Auch hier tobt die Brandung gegen die Felsen<\/em><\/figcaption><\/figure>\n\n\n\n<p>Alle Wetterberichte sagten f\u00fcr die n\u00e4chsten Tage starke Winde mit B\u00f6en bis zu neun Beaufort voraus, und wir entschlossen uns, El Hierro doch etwas fr\u00fcher als urspr\u00fcnglich geplant zu verlassen. Wir hatten viel Gl\u00fcck mit dem Wetter: W\u00e4hrend unseres Aufenthalts hatten wir f\u00fcnf sonnige Tage mit nur leichten Winden auf der Insel, f\u00fcr die fast st\u00e4ndig Starkwindwarnungen bestehen.<\/p>\n\n\n\n<figure class=\"wp-block-image size-large\"><img loading=\"lazy\" decoding=\"async\" width=\"1024\" height=\"768\" src=\"https:\/\/sy-wega.de\/wp-content\/uploads\/IMG_5230-1024x768.jpeg\" alt=\"\" class=\"wp-image-6699\" srcset=\"https:\/\/sy-wega.de\/wp-content\/uploads\/IMG_5230-1024x768.jpeg 1024w, https:\/\/sy-wega.de\/wp-content\/uploads\/IMG_5230-300x225.jpeg 300w, https:\/\/sy-wega.de\/wp-content\/uploads\/IMG_5230-768x576.jpeg 768w, https:\/\/sy-wega.de\/wp-content\/uploads\/IMG_5230-1536x1152.jpeg 1536w, https:\/\/sy-wega.de\/wp-content\/uploads\/IMG_5230-2048x1536.jpeg 2048w\" sizes=\"auto, (max-width: 1024px) 100vw, 1024px\" \/><\/figure>\n\n\n\n<figure class=\"wp-block-image size-large\"><img loading=\"lazy\" decoding=\"async\" width=\"1024\" height=\"768\" src=\"https:\/\/sy-wega.de\/wp-content\/uploads\/IMG_1861-1024x768.jpeg\" alt=\"\" class=\"wp-image-6694\" srcset=\"https:\/\/sy-wega.de\/wp-content\/uploads\/IMG_1861-1024x768.jpeg 1024w, https:\/\/sy-wega.de\/wp-content\/uploads\/IMG_1861-300x225.jpeg 300w, https:\/\/sy-wega.de\/wp-content\/uploads\/IMG_1861-768x576.jpeg 768w, https:\/\/sy-wega.de\/wp-content\/uploads\/IMG_1861-1536x1152.jpeg 1536w, https:\/\/sy-wega.de\/wp-content\/uploads\/IMG_1861-2048x1536.jpeg 2048w\" sizes=\"auto, (max-width: 1024px) 100vw, 1024px\" \/><figcaption class=\"wp-element-caption\"><em>Blick vom Mirador<\/em><\/figcaption><\/figure>\n\n\n\n<p>Als letztes Highlight besichtigten wir den Mirador de Pe\u00f1a. Dieser vom K\u00fcnstler Manrique, der auf Lanzarote lebte, geplante Aussichtspunkt \u00e4hnelt dem Mirador auf Lanzarote und bietet einen tollen Blick auf die El Golfo Ebene an der Nordwestk\u00fcste der Insel. Wir genossen die Aussicht aus dem Restaurant bei einem Caf\u00e9 con Leche und Quesadillas. Wir hatten Gl\u00fcck mit dem Wetter, denn beim Verlassen des Aussichtspunktes war bereits alles in Wolken geh\u00fcllt.<\/p>\n\n\n\n<figure class=\"wp-block-image size-large\"><img loading=\"lazy\" decoding=\"async\" width=\"1024\" height=\"768\" src=\"https:\/\/sy-wega.de\/wp-content\/uploads\/IMG_1864-1024x768.jpeg\" alt=\"\" class=\"wp-image-6696\" srcset=\"https:\/\/sy-wega.de\/wp-content\/uploads\/IMG_1864-1024x768.jpeg 1024w, https:\/\/sy-wega.de\/wp-content\/uploads\/IMG_1864-300x225.jpeg 300w, https:\/\/sy-wega.de\/wp-content\/uploads\/IMG_1864-768x576.jpeg 768w, https:\/\/sy-wega.de\/wp-content\/uploads\/IMG_1864-1536x1152.jpeg 1536w, https:\/\/sy-wega.de\/wp-content\/uploads\/IMG_1864-2048x1536.jpeg 2048w\" sizes=\"auto, (max-width: 1024px) 100vw, 1024px\" \/><\/figure>\n\n\n\n<p>Im F\u00e4hrhafen erlebten wir ein \u00e4hnliches Bild wie in Los Christianos, nur dass diesmal eine gro\u00dfe Zahl von Bootsfl\u00fcchtlingen auf die F\u00e4hre gef\u00fchrt wurden, wieder alle in Decken des Roten Kreuzes geh\u00fcllt. Wir wissen nicht, wo sie die \u00dcberfahrt verbrachten, in den f\u00fcr uns zug\u00e4nglichen Aufenthaltsr\u00e4umen waren sie nicht.<\/p>\n\n\n\n<p>Bei der Ankunft auf Teneriffa waren wir wiederum erschlagen vom Trubel hier im S\u00fcden der Insel. La Palma und El Hierro sind jedenfalls bisher unsere Favoriten.<\/p>\n\n\n\n<p>Ab morgen haben wir uns f\u00fcr zwei Wochen einen Platz auf dem bekannten Campingplatz im Norden Teneriffas reserviert. Hier bekommt unser Wohnmobil \u00fcber Weihnachten eine feste Adresse, und wir werden Teneriffa mit dem Mietwagen erkunden.<\/p>\n\n\n\n<p><\/p>\n\n\n\n<p><\/p>\n","protected":false},"excerpt":{"rendered":"<p>Am Nullmeridian erlebten wir noch einen tollen Sonnenuntergang und hatten eine ruhige Nacht allein unter dem Sternenhimmel. N\u00e4chstes Ziel war die langgezogene Bucht Las Playas an der Ostk\u00fcste der Insel. Auf dem Weg dorthin besuchten wir das Wahrzeichen von El Hierro, die vom st\u00e4ndigen Wind gebeugten Wacholderb\u00e4ume El Sabinar. Einer dieser B\u00e4ume befindet sich als [&hellip;]<\/p>\n","protected":false},"author":1,"featured_media":0,"comment_status":"open","ping_status":"open","sticky":false,"template":"","format":"standard","meta":{"footnotes":""},"categories":[21],"tags":[],"class_list":["post-6685","post","type-post","status-publish","format-standard","hentry","category-winter-2025-26"],"_links":{"self":[{"href":"https:\/\/sy-wega.de\/index.php?rest_route=\/wp\/v2\/posts\/6685","targetHints":{"allow":["GET"]}}],"collection":[{"href":"https:\/\/sy-wega.de\/index.php?rest_route=\/wp\/v2\/posts"}],"about":[{"href":"https:\/\/sy-wega.de\/index.php?rest_route=\/wp\/v2\/types\/post"}],"author":[{"embeddable":true,"href":"https:\/\/sy-wega.de\/index.php?rest_route=\/wp\/v2\/users\/1"}],"replies":[{"embeddable":true,"href":"https:\/\/sy-wega.de\/index.php?rest_route=%2Fwp%2Fv2%2Fcomments&post=6685"}],"version-history":[{"count":1,"href":"https:\/\/sy-wega.de\/index.php?rest_route=\/wp\/v2\/posts\/6685\/revisions"}],"predecessor-version":[{"id":6701,"href":"https:\/\/sy-wega.de\/index.php?rest_route=\/wp\/v2\/posts\/6685\/revisions\/6701"}],"wp:attachment":[{"href":"https:\/\/sy-wega.de\/index.php?rest_route=%2Fwp%2Fv2%2Fmedia&parent=6685"}],"wp:term":[{"taxonomy":"category","embeddable":true,"href":"https:\/\/sy-wega.de\/index.php?rest_route=%2Fwp%2Fv2%2Fcategories&post=6685"},{"taxonomy":"post_tag","embeddable":true,"href":"https:\/\/sy-wega.de\/index.php?rest_route=%2Fwp%2Fv2%2Ftags&post=6685"}],"curies":[{"name":"wp","href":"https:\/\/api.w.org\/{rel}","templated":true}]}}