{"id":6493,"date":"2025-10-31T14:40:12","date_gmt":"2025-10-31T14:40:12","guid":{"rendered":"https:\/\/sy-wega.de\/?p=6493"},"modified":"2025-10-31T14:41:41","modified_gmt":"2025-10-31T14:41:41","slug":"wir-sind-in-spanien","status":"publish","type":"post","link":"https:\/\/sy-wega.de\/?p=6493","title":{"rendered":"Wir sind in Spanien"},"content":{"rendered":"\n<p>Es f\u00fchlt sich an wie Sommer. Sonne und 22 Grad<\/p>\n\n\n\n<p>Nach dem f\u00fcnfzigj\u00e4hrigen Abitursjubil\u00e4um in Dorsten ging es in f\u00fcnf z\u00fcgigen Etappen \u00fcber Luxemburg, Givry, Chusclan (mit Weinkauf) und Gruissan nach Spanien. <\/p>\n\n\n\n<figure class=\"wp-block-image size-large\"><img loading=\"lazy\" decoding=\"async\" width=\"1024\" height=\"768\" src=\"https:\/\/sy-wega.de\/wp-content\/uploads\/IMG_1600-1024x768.jpeg\" alt=\"\" class=\"wp-image-6494\" srcset=\"https:\/\/sy-wega.de\/wp-content\/uploads\/IMG_1600-1024x768.jpeg 1024w, https:\/\/sy-wega.de\/wp-content\/uploads\/IMG_1600-300x225.jpeg 300w, https:\/\/sy-wega.de\/wp-content\/uploads\/IMG_1600-768x576.jpeg 768w, https:\/\/sy-wega.de\/wp-content\/uploads\/IMG_1600-1536x1152.jpeg 1536w, https:\/\/sy-wega.de\/wp-content\/uploads\/IMG_1600-2048x1536.jpeg 2048w\" sizes=\"auto, (max-width: 1024px) 100vw, 1024px\" \/><figcaption class=\"wp-element-caption\"><em>Winzergenossenschaft Chusclan<\/em><\/figcaption><\/figure>\n\n\n\n<p>Auf allen Pl\u00e4tzen waren wir auch schon w\u00e4hrend fr\u00fcherer Reisen. Bis Chusclan an der s\u00fcdlichen Rhone begleitete uns viel Regen, aber bereits auf dem Weg nach Gruissan war es uneingeschr\u00e4nkt sonnig. Wie immer um diese Jahreszeit waren die Stellpl\u00e4tze mit \u00dcberwinterern aus dem n\u00f6rdlichen Europa gut belegt. Fr\u00fches Erscheinen sicherte uns jedoch immer einen Platz, in Gruissan sogar in der ersten Reihe mit Blick aufs Wasser.<\/p>\n\n\n\n<figure class=\"wp-block-image size-large\"><img loading=\"lazy\" decoding=\"async\" width=\"1024\" height=\"768\" src=\"https:\/\/sy-wega.de\/wp-content\/uploads\/IMG_1603-1024x768.jpeg\" alt=\"\" class=\"wp-image-6496\" srcset=\"https:\/\/sy-wega.de\/wp-content\/uploads\/IMG_1603-1024x768.jpeg 1024w, https:\/\/sy-wega.de\/wp-content\/uploads\/IMG_1603-300x225.jpeg 300w, https:\/\/sy-wega.de\/wp-content\/uploads\/IMG_1603-768x576.jpeg 768w, https:\/\/sy-wega.de\/wp-content\/uploads\/IMG_1603-1536x1152.jpeg 1536w, https:\/\/sy-wega.de\/wp-content\/uploads\/IMG_1603-2048x1536.jpeg 2048w\" sizes=\"auto, (max-width: 1024px) 100vw, 1024px\" \/><\/figure>\n\n\n\n<p><\/p>\n\n\n\n<p>Hier in Spanien stehen wir nun auf dem Stellplatz eines Biobauernhofes in der N\u00e4he von Girona.<\/p>\n\n\n\n<p>Morgen geht es weiter in Richtung Ebro Delta.<\/p>\n\n\n\n<p><\/p>\n","protected":false},"excerpt":{"rendered":"<p>Es f\u00fchlt sich an wie Sommer. Sonne und 22 Grad Nach dem f\u00fcnfzigj\u00e4hrigen Abitursjubil\u00e4um in Dorsten ging es in f\u00fcnf z\u00fcgigen Etappen \u00fcber Luxemburg, Givry, Chusclan (mit Weinkauf) und Gruissan nach Spanien. Auf allen Pl\u00e4tzen waren wir auch schon w\u00e4hrend fr\u00fcherer Reisen. Bis Chusclan an der s\u00fcdlichen Rhone begleitete uns viel Regen, aber bereits auf [&hellip;]<\/p>\n","protected":false},"author":1,"featured_media":0,"comment_status":"open","ping_status":"open","sticky":false,"template":"","format":"standard","meta":{"footnotes":""},"categories":[21],"tags":[],"class_list":["post-6493","post","type-post","status-publish","format-standard","hentry","category-winter-2025-26"],"_links":{"self":[{"href":"https:\/\/sy-wega.de\/index.php?rest_route=\/wp\/v2\/posts\/6493","targetHints":{"allow":["GET"]}}],"collection":[{"href":"https:\/\/sy-wega.de\/index.php?rest_route=\/wp\/v2\/posts"}],"about":[{"href":"https:\/\/sy-wega.de\/index.php?rest_route=\/wp\/v2\/types\/post"}],"author":[{"embeddable":true,"href":"https:\/\/sy-wega.de\/index.php?rest_route=\/wp\/v2\/users\/1"}],"replies":[{"embeddable":true,"href":"https:\/\/sy-wega.de\/index.php?rest_route=%2Fwp%2Fv2%2Fcomments&post=6493"}],"version-history":[{"count":2,"href":"https:\/\/sy-wega.de\/index.php?rest_route=\/wp\/v2\/posts\/6493\/revisions"}],"predecessor-version":[{"id":6498,"href":"https:\/\/sy-wega.de\/index.php?rest_route=\/wp\/v2\/posts\/6493\/revisions\/6498"}],"wp:attachment":[{"href":"https:\/\/sy-wega.de\/index.php?rest_route=%2Fwp%2Fv2%2Fmedia&parent=6493"}],"wp:term":[{"taxonomy":"category","embeddable":true,"href":"https:\/\/sy-wega.de\/index.php?rest_route=%2Fwp%2Fv2%2Fcategories&post=6493"},{"taxonomy":"post_tag","embeddable":true,"href":"https:\/\/sy-wega.de\/index.php?rest_route=%2Fwp%2Fv2%2Ftags&post=6493"}],"curies":[{"name":"wp","href":"https:\/\/api.w.org\/{rel}","templated":true}]}}