{"id":3745,"date":"2021-06-25T17:02:16","date_gmt":"2021-06-25T17:02:16","guid":{"rendered":"https:\/\/sy-wega.de\/?p=3745"},"modified":"2021-07-23T06:32:12","modified_gmt":"2021-07-23T06:32:12","slug":"3745","status":"publish","type":"post","link":"https:\/\/sy-wega.de\/?p=3745","title":{"rendered":"Mittsommer"},"content":{"rendered":"<p>Unser jetziger Standort liegt auf 65\u00b0 45\u2019 N, es ist nicht mehr weit bis zum Polarkreis. Da die Wetterprognosen im Norden f\u00fcr die n\u00e4chsten Tage sehr g\u00fcnstig sind, haben wir uns entschlossen, etwas mehr Tempo zu machen. Morgen wird in Schweden Mittsommer gefeiert, und bereits hier und heute ist die Sonne nur f\u00fcr gut eine Stunde nicht zu sehen.<\/p>\n<figure id=\"attachment_3746\" aria-describedby=\"caption-attachment-3746\" style=\"width: 690px\" class=\"wp-caption alignnone\"><a href=\"https:\/\/sy-wega.de\/wp-content\/uploads\/DSCN6207.jpeg\"><img loading=\"lazy\" decoding=\"async\" class=\"wp-image-3746 size-large\" src=\"https:\/\/sy-wega.de\/wp-content\/uploads\/DSCN6207-1024x768.jpeg\" alt=\"\" width=\"690\" height=\"518\" srcset=\"https:\/\/sy-wega.de\/wp-content\/uploads\/DSCN6207-1024x768.jpeg 1024w, https:\/\/sy-wega.de\/wp-content\/uploads\/DSCN6207-300x225.jpeg 300w, https:\/\/sy-wega.de\/wp-content\/uploads\/DSCN6207-768x576.jpeg 768w\" sizes=\"auto, (max-width: 690px) 100vw, 690px\" \/><\/a><figcaption id=\"caption-attachment-3746\" class=\"wp-caption-text\">Zeitpunkt der Aufnahme: 22:58 an der H\u00f6ga Kusten<\/figcaption><\/figure>\n<p>&nbsp;<\/p>\n<figure id=\"attachment_3731\" aria-describedby=\"caption-attachment-3731\" style=\"width: 690px\" class=\"wp-caption alignnone\"><a href=\"https:\/\/sy-wega.de\/wp-content\/uploads\/IMG_3615.jpg\"><img loading=\"lazy\" decoding=\"async\" class=\"wp-image-3731 size-large\" src=\"https:\/\/sy-wega.de\/wp-content\/uploads\/IMG_3615-1024x768.jpg\" alt=\"\" width=\"690\" height=\"518\" srcset=\"https:\/\/sy-wega.de\/wp-content\/uploads\/IMG_3615-1024x768.jpg 1024w, https:\/\/sy-wega.de\/wp-content\/uploads\/IMG_3615-300x225.jpg 300w, https:\/\/sy-wega.de\/wp-content\/uploads\/IMG_3615-768x576.jpg 768w\" sizes=\"auto, (max-width: 690px) 100vw, 690px\" \/><\/a><figcaption id=\"caption-attachment-3731\" class=\"wp-caption-text\">Sauna am Stellplatz einer Lachszucht. Es gab Lachs in allen Variationen<\/figcaption><\/figure>\n<p>&nbsp;<\/p>\n<p>In der letzten Nacht hatten wir wieder einen sch\u00f6nen Stellplatz. Er war nicht an einem See und auch nicht an einer Whisky-Destille, es war ein Picknickplatz am Staudamm des zweitgr\u00f6\u00dften Wasserkraftwerks Schwedens in der N\u00e4he von Ume\u00e5. Es war beeindruckend, mit welcher Gewalt das Wasser ins Flussbett schie\u00dft. Leider konnten wir die Lachstreppe, die den Fischen die \u00dcberwindung des H\u00f6henunterschieds erm\u00f6glicht, nicht besichtigen.<\/p>\n<p><a href=\"https:\/\/sy-wega.de\/wp-content\/uploads\/DSCN6257.jpeg\"><img loading=\"lazy\" decoding=\"async\" class=\"alignnone size-large wp-image-3747\" src=\"https:\/\/sy-wega.de\/wp-content\/uploads\/DSCN6257-1024x768.jpeg\" alt=\"\" width=\"690\" height=\"518\" srcset=\"https:\/\/sy-wega.de\/wp-content\/uploads\/DSCN6257-1024x768.jpeg 1024w, https:\/\/sy-wega.de\/wp-content\/uploads\/DSCN6257-300x225.jpeg 300w, https:\/\/sy-wega.de\/wp-content\/uploads\/DSCN6257-768x576.jpeg 768w\" sizes=\"auto, (max-width: 690px) 100vw, 690px\" \/><\/a><\/p>\n<p>Wir sind nun leider nur knappe drei Tage an der H\u00f6ga Kusten geblieben, man k\u00f6nnte es auf Wochen ausdehnen, um alle Highlights zu sehen.<\/p>\n<figure id=\"attachment_3732\" aria-describedby=\"caption-attachment-3732\" style=\"width: 690px\" class=\"wp-caption alignnone\"><a href=\"https:\/\/sy-wega.de\/wp-content\/uploads\/DSCN6215.jpeg\"><img loading=\"lazy\" decoding=\"async\" class=\"wp-image-3732 size-large\" src=\"https:\/\/sy-wega.de\/wp-content\/uploads\/DSCN6215-1024x768.jpeg\" alt=\"\" width=\"690\" height=\"518\" srcset=\"https:\/\/sy-wega.de\/wp-content\/uploads\/DSCN6215-1024x768.jpeg 1024w, https:\/\/sy-wega.de\/wp-content\/uploads\/DSCN6215-300x225.jpeg 300w, https:\/\/sy-wega.de\/wp-content\/uploads\/DSCN6215-768x576.jpeg 768w\" sizes=\"auto, (max-width: 690px) 100vw, 690px\" \/><\/a><figcaption id=\"caption-attachment-3732\" class=\"wp-caption-text\">Rosa Sandstrand und rosa Granitbrocken am Strand<\/figcaption><\/figure>\n<figure id=\"attachment_3734\" aria-describedby=\"caption-attachment-3734\" style=\"width: 690px\" class=\"wp-caption alignnone\"><a href=\"https:\/\/sy-wega.de\/wp-content\/uploads\/DSCN6228.jpeg\"><img loading=\"lazy\" decoding=\"async\" class=\"wp-image-3734 size-large\" src=\"https:\/\/sy-wega.de\/wp-content\/uploads\/DSCN6228-1024x768.jpeg\" alt=\"\" width=\"690\" height=\"518\" srcset=\"https:\/\/sy-wega.de\/wp-content\/uploads\/DSCN6228-1024x768.jpeg 1024w, https:\/\/sy-wega.de\/wp-content\/uploads\/DSCN6228-300x225.jpeg 300w, https:\/\/sy-wega.de\/wp-content\/uploads\/DSCN6228-768x576.jpeg 768w\" sizes=\"auto, (max-width: 690px) 100vw, 690px\" \/><\/a><figcaption id=\"caption-attachment-3734\" class=\"wp-caption-text\">Heidelbeeren im Skuleskogen Nationalpark<\/figcaption><\/figure>\n<figure id=\"attachment_3737\" aria-describedby=\"caption-attachment-3737\" style=\"width: 690px\" class=\"wp-caption alignnone\"><a href=\"https:\/\/sy-wega.de\/wp-content\/uploads\/DSCN6248.jpeg\"><img loading=\"lazy\" decoding=\"async\" class=\"wp-image-3737 size-large\" src=\"https:\/\/sy-wega.de\/wp-content\/uploads\/DSCN6248-1024x768.jpeg\" alt=\"\" width=\"690\" height=\"518\" srcset=\"https:\/\/sy-wega.de\/wp-content\/uploads\/DSCN6248-1024x768.jpeg 1024w, https:\/\/sy-wega.de\/wp-content\/uploads\/DSCN6248-300x225.jpeg 300w, https:\/\/sy-wega.de\/wp-content\/uploads\/DSCN6248-768x576.jpeg 768w\" sizes=\"auto, (max-width: 690px) 100vw, 690px\" \/><\/a><figcaption id=\"caption-attachment-3737\" class=\"wp-caption-text\">Normalschanze in \u00d6rnsk\u00f6ldsvik<\/figcaption><\/figure>\n<p><a href=\"https:\/\/sy-wega.de\/wp-content\/uploads\/DSCN6241.jpeg\"><img loading=\"lazy\" decoding=\"async\" class=\"alignnone size-large wp-image-3750\" src=\"https:\/\/sy-wega.de\/wp-content\/uploads\/DSCN6241-768x1024.jpeg\" alt=\"\" width=\"690\" height=\"920\" srcset=\"https:\/\/sy-wega.de\/wp-content\/uploads\/DSCN6241-768x1024.jpeg 768w, https:\/\/sy-wega.de\/wp-content\/uploads\/DSCN6241-225x300.jpeg 225w\" sizes=\"auto, (max-width: 690px) 100vw, 690px\" \/><\/a><\/p>\n<p>Morgen geht es nach Lule\u00e5 und dann weiter in Richtung Jokkmokk.<\/p>\n","protected":false},"excerpt":{"rendered":"<p>Unser jetziger Standort liegt auf 65\u00b0 45\u2019 N, es ist nicht mehr weit bis zum Polarkreis. Da die Wetterprognosen im Norden f\u00fcr die n\u00e4chsten Tage sehr g\u00fcnstig sind, haben wir uns entschlossen, etwas mehr Tempo zu machen. Morgen wird in Schweden Mittsommer gefeiert, und bereits hier und heute ist die Sonne nur f\u00fcr gut eine [&hellip;]<\/p>\n","protected":false},"author":1,"featured_media":0,"comment_status":"open","ping_status":"open","sticky":false,"template":"","format":"standard","meta":{"footnotes":""},"categories":[11],"tags":[],"class_list":["post-3745","post","type-post","status-publish","format-standard","hentry","category-sommer-2021"],"_links":{"self":[{"href":"https:\/\/sy-wega.de\/index.php?rest_route=\/wp\/v2\/posts\/3745","targetHints":{"allow":["GET"]}}],"collection":[{"href":"https:\/\/sy-wega.de\/index.php?rest_route=\/wp\/v2\/posts"}],"about":[{"href":"https:\/\/sy-wega.de\/index.php?rest_route=\/wp\/v2\/types\/post"}],"author":[{"embeddable":true,"href":"https:\/\/sy-wega.de\/index.php?rest_route=\/wp\/v2\/users\/1"}],"replies":[{"embeddable":true,"href":"https:\/\/sy-wega.de\/index.php?rest_route=%2Fwp%2Fv2%2Fcomments&post=3745"}],"version-history":[{"count":7,"href":"https:\/\/sy-wega.de\/index.php?rest_route=\/wp\/v2\/posts\/3745\/revisions"}],"predecessor-version":[{"id":3759,"href":"https:\/\/sy-wega.de\/index.php?rest_route=\/wp\/v2\/posts\/3745\/revisions\/3759"}],"wp:attachment":[{"href":"https:\/\/sy-wega.de\/index.php?rest_route=%2Fwp%2Fv2%2Fmedia&parent=3745"}],"wp:term":[{"taxonomy":"category","embeddable":true,"href":"https:\/\/sy-wega.de\/index.php?rest_route=%2Fwp%2Fv2%2Fcategories&post=3745"},{"taxonomy":"post_tag","embeddable":true,"href":"https:\/\/sy-wega.de\/index.php?rest_route=%2Fwp%2Fv2%2Ftags&post=3745"}],"curies":[{"name":"wp","href":"https:\/\/api.w.org\/{rel}","templated":true}]}}