{"id":3595,"date":"2020-09-11T12:48:31","date_gmt":"2020-09-11T12:48:31","guid":{"rendered":"https:\/\/sy-wega.de\/?p=3595"},"modified":"2020-09-11T12:48:31","modified_gmt":"2020-09-11T12:48:31","slug":"sommerabschlusstour","status":"publish","type":"post","link":"https:\/\/sy-wega.de\/?p=3595","title":{"rendered":"Sommerabschlusstour"},"content":{"rendered":"<p>Obwohl der meteorologische Sommer ja bereits beendet ist, haben wir uns f\u00fcr eine letzte Sommertour auf den Weg gemacht.<\/p>\n<figure id=\"attachment_3598\" aria-describedby=\"caption-attachment-3598\" style=\"width: 690px\" class=\"wp-caption alignnone\"><a href=\"https:\/\/sy-wega.de\/wp-content\/uploads\/IMG_3493.jpg\"><img loading=\"lazy\" decoding=\"async\" class=\"wp-image-3598 size-large\" src=\"https:\/\/sy-wega.de\/wp-content\/uploads\/IMG_3493-1024x768.jpg\" alt=\"\" width=\"690\" height=\"518\" srcset=\"https:\/\/sy-wega.de\/wp-content\/uploads\/IMG_3493-1024x768.jpg 1024w, https:\/\/sy-wega.de\/wp-content\/uploads\/IMG_3493-300x225.jpg 300w, https:\/\/sy-wega.de\/wp-content\/uploads\/IMG_3493-768x576.jpg 768w\" sizes=\"auto, (max-width: 690px) 100vw, 690px\" \/><\/a><figcaption id=\"caption-attachment-3598\" class=\"wp-caption-text\">Schloss und<\/figcaption><\/figure>\n<figure id=\"attachment_3597\" aria-describedby=\"caption-attachment-3597\" style=\"width: 690px\" class=\"wp-caption alignnone\"><a href=\"https:\/\/sy-wega.de\/wp-content\/uploads\/IMG_6429.jpg\"><img loading=\"lazy\" decoding=\"async\" class=\"wp-image-3597 size-large\" src=\"https:\/\/sy-wega.de\/wp-content\/uploads\/IMG_6429-1024x768.jpg\" alt=\"\" width=\"690\" height=\"518\" srcset=\"https:\/\/sy-wega.de\/wp-content\/uploads\/IMG_6429-1024x768.jpg 1024w, https:\/\/sy-wega.de\/wp-content\/uploads\/IMG_6429-300x225.jpg 300w, https:\/\/sy-wega.de\/wp-content\/uploads\/IMG_6429-768x576.jpg 768w\" sizes=\"auto, (max-width: 690px) 100vw, 690px\" \/><\/a><figcaption id=\"caption-attachment-3597\" class=\"wp-caption-text\">Rathaus von B\u00fcckeburg<\/figcaption><\/figure>\n<p>&nbsp;<\/p>\n<p>Nach Stationen in B\u00fcckeburg und auf einem Winzerhof in der N\u00e4he von Ingelheim stehen wir jetzt beim Weingut Phillip Schnabel in Siefersheim. Hier haben wir den letzten freien Platz bekommen, alle anderen Pl\u00e4tze waren bereits reserviert. Auf dem Stellplatz von Bad Kreuznach h\u00e4tten wir unter ca. 10 freien Pl\u00e4tzen w\u00e4hlen k\u00f6nnen, aber es war doch sehr eng dort, da gef\u00e4llt es uns hier auf dem Weingut viel besser. Am Sonntag geht es dann weiter.<\/p>\n","protected":false},"excerpt":{"rendered":"<p>Obwohl der meteorologische Sommer ja bereits beendet ist, haben wir uns f\u00fcr eine letzte Sommertour auf den Weg gemacht. &nbsp; Nach Stationen in B\u00fcckeburg und auf einem Winzerhof in der N\u00e4he von Ingelheim stehen wir jetzt beim Weingut Phillip Schnabel in Siefersheim. Hier haben wir den letzten freien Platz bekommen, alle anderen Pl\u00e4tze waren bereits [&hellip;]<\/p>\n","protected":false},"author":1,"featured_media":0,"comment_status":"open","ping_status":"open","sticky":false,"template":"","format":"standard","meta":{"footnotes":""},"categories":[10],"tags":[],"class_list":["post-3595","post","type-post","status-publish","format-standard","hentry","category-sommer-2020"],"_links":{"self":[{"href":"https:\/\/sy-wega.de\/index.php?rest_route=\/wp\/v2\/posts\/3595","targetHints":{"allow":["GET"]}}],"collection":[{"href":"https:\/\/sy-wega.de\/index.php?rest_route=\/wp\/v2\/posts"}],"about":[{"href":"https:\/\/sy-wega.de\/index.php?rest_route=\/wp\/v2\/types\/post"}],"author":[{"embeddable":true,"href":"https:\/\/sy-wega.de\/index.php?rest_route=\/wp\/v2\/users\/1"}],"replies":[{"embeddable":true,"href":"https:\/\/sy-wega.de\/index.php?rest_route=%2Fwp%2Fv2%2Fcomments&post=3595"}],"version-history":[{"count":2,"href":"https:\/\/sy-wega.de\/index.php?rest_route=\/wp\/v2\/posts\/3595\/revisions"}],"predecessor-version":[{"id":3599,"href":"https:\/\/sy-wega.de\/index.php?rest_route=\/wp\/v2\/posts\/3595\/revisions\/3599"}],"wp:attachment":[{"href":"https:\/\/sy-wega.de\/index.php?rest_route=%2Fwp%2Fv2%2Fmedia&parent=3595"}],"wp:term":[{"taxonomy":"category","embeddable":true,"href":"https:\/\/sy-wega.de\/index.php?rest_route=%2Fwp%2Fv2%2Fcategories&post=3595"},{"taxonomy":"post_tag","embeddable":true,"href":"https:\/\/sy-wega.de\/index.php?rest_route=%2Fwp%2Fv2%2Ftags&post=3595"}],"curies":[{"name":"wp","href":"https:\/\/api.w.org\/{rel}","templated":true}]}}