{"id":1273,"date":"2018-06-03T06:16:55","date_gmt":"2018-06-03T06:16:55","guid":{"rendered":"http:\/\/sy-wega.de\/?p=1273"},"modified":"2018-06-10T16:36:58","modified_gmt":"2018-06-10T16:36:58","slug":"pont-leveque","status":"publish","type":"post","link":"https:\/\/sy-wega.de\/?p=1273","title":{"rendered":"Pont-l&#8217;Ev\u00eaque"},"content":{"rendered":"<p>Von Le Tr\u00e9port f\u00fchrte uns der Weg entlang der K\u00fcste \u00fcber Dieppe nach F\u00e9camp, wo oberhalb der Stadt nahe einem ehemaligen Leuchtturm \u00fcbernachteten. Auf der ber\u00fchmten &#8222;Pont de Normandie&#8220; \u00fcberquerten wir die Seine, erledigten in\u00a0Pont-l\u2019Ev\u00eaque\u00a0einige Eink\u00e4ufe, unter anderem kauften wir den nach diesem Ort benannten K\u00e4se, und verbrachten die Nacht auf einem ruhigen Campingplatz in der N\u00e4he. Heute steht das Calvados-Museum als erster Punkt auf dem Tagesprogramm.<\/p>\n<p>&nbsp;<\/p>\n<p>Blick auf F\u00e9camp:<\/p>\n<p><a href=\"http:\/\/sy-wega.de\/wp-content\/uploads\/DSCN8797.jpg\"><img loading=\"lazy\" decoding=\"async\" class=\"alignnone size-large wp-image-1276\" src=\"http:\/\/sy-wega.de\/wp-content\/uploads\/DSCN8797-1024x768.jpg\" alt=\"\" width=\"690\" height=\"518\" srcset=\"https:\/\/sy-wega.de\/wp-content\/uploads\/DSCN8797.jpg 1024w, https:\/\/sy-wega.de\/wp-content\/uploads\/DSCN8797-300x225.jpg 300w, https:\/\/sy-wega.de\/wp-content\/uploads\/DSCN8797-768x576.jpg 768w\" sizes=\"auto, (max-width: 690px) 100vw, 690px\" \/><\/a><\/p>\n<p>&nbsp;<\/p>\n<p>Die &#8222;Pont de Normandie&#8220; in der N\u00e4he von Le Havre:<\/p>\n<p><a href=\"http:\/\/sy-wega.de\/wp-content\/uploads\/DSCN8807.jpg\"><img loading=\"lazy\" decoding=\"async\" class=\"alignnone size-large wp-image-1277\" src=\"http:\/\/sy-wega.de\/wp-content\/uploads\/DSCN8807-1024x767.jpg\" alt=\"\" width=\"690\" height=\"517\" srcset=\"https:\/\/sy-wega.de\/wp-content\/uploads\/DSCN8807.jpg 1024w, https:\/\/sy-wega.de\/wp-content\/uploads\/DSCN8807-300x225.jpg 300w, https:\/\/sy-wega.de\/wp-content\/uploads\/DSCN8807-768x575.jpg 768w\" sizes=\"auto, (max-width: 690px) 100vw, 690px\" \/><\/a><\/p>\n<p><a href=\"http:\/\/sy-wega.de\/wp-content\/uploads\/DSCN8810.jpg\"><img loading=\"lazy\" decoding=\"async\" class=\"alignnone size-large wp-image-1278\" src=\"http:\/\/sy-wega.de\/wp-content\/uploads\/DSCN8810-768x1024.jpg\" alt=\"\" width=\"690\" height=\"920\" srcset=\"https:\/\/sy-wega.de\/wp-content\/uploads\/DSCN8810.jpg 768w, https:\/\/sy-wega.de\/wp-content\/uploads\/DSCN8810-225x300.jpg 225w\" sizes=\"auto, (max-width: 690px) 100vw, 690px\" \/><\/a><\/p>\n<p>&nbsp;<\/p>\n","protected":false},"excerpt":{"rendered":"<p>Von Le Tr\u00e9port f\u00fchrte uns der Weg entlang der K\u00fcste \u00fcber Dieppe nach F\u00e9camp, wo oberhalb der Stadt nahe einem ehemaligen Leuchtturm \u00fcbernachteten. Auf der ber\u00fchmten &#8222;Pont de Normandie&#8220; \u00fcberquerten wir die Seine, erledigten in\u00a0Pont-l\u2019Ev\u00eaque\u00a0einige Eink\u00e4ufe, unter anderem kauften wir den nach diesem Ort benannten K\u00e4se, und verbrachten die Nacht auf einem ruhigen Campingplatz in [&hellip;]<\/p>\n","protected":false},"author":1,"featured_media":0,"comment_status":"open","ping_status":"open","sticky":false,"template":"","format":"standard","meta":{"footnotes":""},"categories":[4],"tags":[],"class_list":["post-1273","post","type-post","status-publish","format-standard","hentry","category-sommer-2018"],"_links":{"self":[{"href":"https:\/\/sy-wega.de\/index.php?rest_route=\/wp\/v2\/posts\/1273","targetHints":{"allow":["GET"]}}],"collection":[{"href":"https:\/\/sy-wega.de\/index.php?rest_route=\/wp\/v2\/posts"}],"about":[{"href":"https:\/\/sy-wega.de\/index.php?rest_route=\/wp\/v2\/types\/post"}],"author":[{"embeddable":true,"href":"https:\/\/sy-wega.de\/index.php?rest_route=\/wp\/v2\/users\/1"}],"replies":[{"embeddable":true,"href":"https:\/\/sy-wega.de\/index.php?rest_route=%2Fwp%2Fv2%2Fcomments&post=1273"}],"version-history":[{"count":3,"href":"https:\/\/sy-wega.de\/index.php?rest_route=\/wp\/v2\/posts\/1273\/revisions"}],"predecessor-version":[{"id":1281,"href":"https:\/\/sy-wega.de\/index.php?rest_route=\/wp\/v2\/posts\/1273\/revisions\/1281"}],"wp:attachment":[{"href":"https:\/\/sy-wega.de\/index.php?rest_route=%2Fwp%2Fv2%2Fmedia&parent=1273"}],"wp:term":[{"taxonomy":"category","embeddable":true,"href":"https:\/\/sy-wega.de\/index.php?rest_route=%2Fwp%2Fv2%2Fcategories&post=1273"},{"taxonomy":"post_tag","embeddable":true,"href":"https:\/\/sy-wega.de\/index.php?rest_route=%2Fwp%2Fv2%2Ftags&post=1273"}],"curies":[{"name":"wp","href":"https:\/\/api.w.org\/{rel}","templated":true}]}}