{"id":1154,"date":"2018-02-06T12:22:10","date_gmt":"2018-02-06T12:22:10","guid":{"rendered":"http:\/\/sy-wega.de\/?p=1154"},"modified":"2018-02-06T12:22:10","modified_gmt":"2018-02-06T12:22:10","slug":"cartagena-und-mar-menor","status":"publish","type":"post","link":"https:\/\/sy-wega.de\/?p=1154","title":{"rendered":"Cartagena und Mar Menor"},"content":{"rendered":"<p>Unsere n\u00e4chste Station war Cartagena. Obwohl die gr\u00f6\u00dfte Stadt der Region Murcia, ist die Stadt eher unbekannt. Ihre Bedeutung reicht jedoch bis in die Zeit der Ph\u00f6nizier oder Karthager zur\u00fcck, woher auch der Name stammt. Wir erkundeten die Stadt an einem Sonntag. Obwohl die meisten Gesch\u00e4fte geschlossen waren, war die sehenswerte Altstadt sehr belebt. Neben vielen Jugendstilgeb\u00e4uden beeindruckte das mitten in der Stadt gelegene r\u00f6mische Theater.<\/p>\n<figure id=\"attachment_1149\" aria-describedby=\"caption-attachment-1149\" style=\"width: 690px\" class=\"wp-caption alignnone\"><a href=\"http:\/\/sy-wega.de\/wp-content\/uploads\/76474023-7B66-49CC-906A-EBC4F176FC05.jpeg\"><img loading=\"lazy\" decoding=\"async\" class=\"size-large wp-image-1149\" src=\"http:\/\/sy-wega.de\/wp-content\/uploads\/76474023-7B66-49CC-906A-EBC4F176FC05-1024x768.jpeg\" alt=\"\" width=\"690\" height=\"518\" srcset=\"https:\/\/sy-wega.de\/wp-content\/uploads\/76474023-7B66-49CC-906A-EBC4F176FC05-1024x768.jpeg 1024w, https:\/\/sy-wega.de\/wp-content\/uploads\/76474023-7B66-49CC-906A-EBC4F176FC05-300x225.jpeg 300w, https:\/\/sy-wega.de\/wp-content\/uploads\/76474023-7B66-49CC-906A-EBC4F176FC05-768x576.jpeg 768w, https:\/\/sy-wega.de\/wp-content\/uploads\/76474023-7B66-49CC-906A-EBC4F176FC05.jpeg 1250w\" sizes=\"auto, (max-width: 690px) 100vw, 690px\" \/><\/a><figcaption id=\"caption-attachment-1149\" class=\"wp-caption-text\">R\u00f6misches Amphittheater in Cartagena<\/figcaption><\/figure>\n<p>Die Nacht verbrachten wir am Leuchttum Cabo de Palos, der gewisserma\u00dfen die Grenze zwischen der Costa de Caliente und der Costa Blanca darstellt.<\/p>\n<figure id=\"attachment_1150\" aria-describedby=\"caption-attachment-1150\" style=\"width: 690px\" class=\"wp-caption alignnone\"><a href=\"http:\/\/sy-wega.de\/wp-content\/uploads\/69B920F4-974D-48F3-B651-07B5D3F6FC9B.jpeg\"><img loading=\"lazy\" decoding=\"async\" class=\"size-large wp-image-1150\" src=\"http:\/\/sy-wega.de\/wp-content\/uploads\/69B920F4-974D-48F3-B651-07B5D3F6FC9B-1024x768.jpeg\" alt=\"\" width=\"690\" height=\"518\" srcset=\"https:\/\/sy-wega.de\/wp-content\/uploads\/69B920F4-974D-48F3-B651-07B5D3F6FC9B-1024x768.jpeg 1024w, https:\/\/sy-wega.de\/wp-content\/uploads\/69B920F4-974D-48F3-B651-07B5D3F6FC9B-300x225.jpeg 300w, https:\/\/sy-wega.de\/wp-content\/uploads\/69B920F4-974D-48F3-B651-07B5D3F6FC9B-768x576.jpeg 768w, https:\/\/sy-wega.de\/wp-content\/uploads\/69B920F4-974D-48F3-B651-07B5D3F6FC9B.jpeg 1381w\" sizes=\"auto, (max-width: 690px) 100vw, 690px\" \/><\/a><figcaption id=\"caption-attachment-1150\" class=\"wp-caption-text\">Stellplatz am Cabo de Palos<\/figcaption><\/figure>\n<p>Bevor wir am n\u00e4chsten Tag zu unserem Stellplatz an der Saline von Pedro del Pinatar fuhren, machten wir einen Abstecher durch das in den neunziger Jahren aufgegebene Minengebiet von La Union, das die Bedeutung und den Reichtum von Cartagena begr\u00fcndete.<\/p>\n<figure id=\"attachment_1152\" aria-describedby=\"caption-attachment-1152\" style=\"width: 690px\" class=\"wp-caption alignnone\"><a href=\"http:\/\/sy-wega.de\/wp-content\/uploads\/EAD7699F-EA1E-468E-B1CE-B1D658EFBD95.jpeg\"><img loading=\"lazy\" decoding=\"async\" class=\"size-large wp-image-1152\" src=\"http:\/\/sy-wega.de\/wp-content\/uploads\/EAD7699F-EA1E-468E-B1CE-B1D658EFBD95-1024x768.jpeg\" alt=\"\" width=\"690\" height=\"518\" srcset=\"https:\/\/sy-wega.de\/wp-content\/uploads\/EAD7699F-EA1E-468E-B1CE-B1D658EFBD95-1024x768.jpeg 1024w, https:\/\/sy-wega.de\/wp-content\/uploads\/EAD7699F-EA1E-468E-B1CE-B1D658EFBD95-300x225.jpeg 300w, https:\/\/sy-wega.de\/wp-content\/uploads\/EAD7699F-EA1E-468E-B1CE-B1D658EFBD95-768x576.jpeg 768w, https:\/\/sy-wega.de\/wp-content\/uploads\/EAD7699F-EA1E-468E-B1CE-B1D658EFBD95.jpeg 1440w\" sizes=\"auto, (max-width: 690px) 100vw, 690px\" \/><\/a><figcaption id=\"caption-attachment-1152\" class=\"wp-caption-text\">Industrieruine bei La Union<\/figcaption><\/figure>\n<figure id=\"attachment_1151\" aria-describedby=\"caption-attachment-1151\" style=\"width: 690px\" class=\"wp-caption alignnone\"><a href=\"http:\/\/sy-wega.de\/wp-content\/uploads\/2B5FD71D-D51A-4CE0-9C45-EA30F738BF15.jpeg\"><img loading=\"lazy\" decoding=\"async\" class=\"size-large wp-image-1151\" src=\"http:\/\/sy-wega.de\/wp-content\/uploads\/2B5FD71D-D51A-4CE0-9C45-EA30F738BF15-1024x768.jpeg\" alt=\"\" width=\"690\" height=\"518\" srcset=\"https:\/\/sy-wega.de\/wp-content\/uploads\/2B5FD71D-D51A-4CE0-9C45-EA30F738BF15-1024x768.jpeg 1024w, https:\/\/sy-wega.de\/wp-content\/uploads\/2B5FD71D-D51A-4CE0-9C45-EA30F738BF15-300x225.jpeg 300w, https:\/\/sy-wega.de\/wp-content\/uploads\/2B5FD71D-D51A-4CE0-9C45-EA30F738BF15-768x576.jpeg 768w, https:\/\/sy-wega.de\/wp-content\/uploads\/2B5FD71D-D51A-4CE0-9C45-EA30F738BF15.jpeg 1440w\" sizes=\"auto, (max-width: 690px) 100vw, 690px\" \/><\/a><figcaption id=\"caption-attachment-1151\" class=\"wp-caption-text\">Im Minengebiet von La Union<\/figcaption><\/figure>\n<p style=\"text-align: left;\">Auf dem weiteren Weg zum Stellplatz umfuhren wir das Mar Menor, das mit 170km2 gr\u00f6\u00dfte Haff des Mittelmeeres.<\/p>\n<figure id=\"attachment_1153\" aria-describedby=\"caption-attachment-1153\" style=\"width: 690px\" class=\"wp-caption alignnone\"><a href=\"http:\/\/sy-wega.de\/wp-content\/uploads\/BE75B7AC-A07F-4A6D-9E91-43B660ED5E42.jpeg\"><img loading=\"lazy\" decoding=\"async\" class=\"size-large wp-image-1153\" src=\"http:\/\/sy-wega.de\/wp-content\/uploads\/BE75B7AC-A07F-4A6D-9E91-43B660ED5E42-1024x768.jpeg\" alt=\"\" width=\"690\" height=\"518\" srcset=\"https:\/\/sy-wega.de\/wp-content\/uploads\/BE75B7AC-A07F-4A6D-9E91-43B660ED5E42-1024x768.jpeg 1024w, https:\/\/sy-wega.de\/wp-content\/uploads\/BE75B7AC-A07F-4A6D-9E91-43B660ED5E42-300x225.jpeg 300w, https:\/\/sy-wega.de\/wp-content\/uploads\/BE75B7AC-A07F-4A6D-9E91-43B660ED5E42-768x576.jpeg 768w, https:\/\/sy-wega.de\/wp-content\/uploads\/BE75B7AC-A07F-4A6D-9E91-43B660ED5E42.jpeg 1440w\" sizes=\"auto, (max-width: 690px) 100vw, 690px\" \/><\/a><figcaption id=\"caption-attachment-1153\" class=\"wp-caption-text\">Sonnenuntergang am Mar Menor<\/figcaption><\/figure>\n","protected":false},"excerpt":{"rendered":"<p>Unsere n\u00e4chste Station war Cartagena. Obwohl die gr\u00f6\u00dfte Stadt der Region Murcia, ist die Stadt eher unbekannt. Ihre Bedeutung reicht jedoch bis in die Zeit der Ph\u00f6nizier oder Karthager zur\u00fcck, woher auch der Name stammt. Wir erkundeten die Stadt an einem Sonntag. Obwohl die meisten Gesch\u00e4fte geschlossen waren, war die sehenswerte Altstadt sehr belebt. Neben [&hellip;]<\/p>\n","protected":false},"author":1,"featured_media":0,"comment_status":"open","ping_status":"open","sticky":false,"template":"","format":"standard","meta":{"footnotes":""},"categories":[3],"tags":[],"class_list":["post-1154","post","type-post","status-publish","format-standard","hentry","category-tour-2017"],"_links":{"self":[{"href":"https:\/\/sy-wega.de\/index.php?rest_route=\/wp\/v2\/posts\/1154","targetHints":{"allow":["GET"]}}],"collection":[{"href":"https:\/\/sy-wega.de\/index.php?rest_route=\/wp\/v2\/posts"}],"about":[{"href":"https:\/\/sy-wega.de\/index.php?rest_route=\/wp\/v2\/types\/post"}],"author":[{"embeddable":true,"href":"https:\/\/sy-wega.de\/index.php?rest_route=\/wp\/v2\/users\/1"}],"replies":[{"embeddable":true,"href":"https:\/\/sy-wega.de\/index.php?rest_route=%2Fwp%2Fv2%2Fcomments&post=1154"}],"version-history":[{"count":1,"href":"https:\/\/sy-wega.de\/index.php?rest_route=\/wp\/v2\/posts\/1154\/revisions"}],"predecessor-version":[{"id":1155,"href":"https:\/\/sy-wega.de\/index.php?rest_route=\/wp\/v2\/posts\/1154\/revisions\/1155"}],"wp:attachment":[{"href":"https:\/\/sy-wega.de\/index.php?rest_route=%2Fwp%2Fv2%2Fmedia&parent=1154"}],"wp:term":[{"taxonomy":"category","embeddable":true,"href":"https:\/\/sy-wega.de\/index.php?rest_route=%2Fwp%2Fv2%2Fcategories&post=1154"},{"taxonomy":"post_tag","embeddable":true,"href":"https:\/\/sy-wega.de\/index.php?rest_route=%2Fwp%2Fv2%2Ftags&post=1154"}],"curies":[{"name":"wp","href":"https:\/\/api.w.org\/{rel}","templated":true}]}}